{"id":217,"date":"2021-07-07T08:24:42","date_gmt":"2021-07-07T08:24:42","guid":{"rendered":"https:\/\/cafeycerezas.com\/?p=217"},"modified":"2021-08-03T17:47:26","modified_gmt":"2021-08-03T17:47:26","slug":"habana-cafe","status":"publish","type":"post","link":"https:\/\/cafeycerezas.com\/?p=217","title":{"rendered":"Habana caf\u00e9"},"content":{"rendered":"<p>Cr\u00f3nica de una caf\u00e9 en La Habana:\u00a0 <span class=\"s1\">Salgo de mi hotel \u00abCasa Patria\u00bb,<span class=\"Apple-converted-space\">\u00a0 <\/span>ubicado en el Vedado, se trata de una casa antigua, devenida en hotel. Est\u00e1 decorada de forma bizarra: mezcla de todo desde estampitas de San Lazaro hasta figuras de perros galgos de porcelana Lladr\u00f3. En el techo de la casa, la Sra Patria<span class=\"Apple-converted-space\">\u00a0 <\/span>ha construido peque\u00f1as habitaciones, que se organizan al rededor de una terraza amplia.<span class=\"Apple-converted-space\">\u00a0 <\/span>Recibir all\u00ed la ma\u00f1ana es una experiencia maravillosa, los pulmones se me llenan de azul clarito, alegr\u00eda de aroma a jazm\u00edn y a mango.<\/span><\/p>\n<p>&nbsp;<\/p>\n<p><img loading=\"lazy\" class=\"aligncenter size-large wp-image-228\" src=\"https:\/\/cafeycerezas.com\/wp-content\/uploads\/2021\/07\/IMG_0069-1-768x1024.jpg\" alt=\"\" width=\"768\" height=\"1024\" srcset=\"https:\/\/cafeycerezas.com\/wp-content\/uploads\/2021\/07\/IMG_0069-1-768x1024.jpg 768w, https:\/\/cafeycerezas.com\/wp-content\/uploads\/2021\/07\/IMG_0069-1-225x300.jpg 225w, https:\/\/cafeycerezas.com\/wp-content\/uploads\/2021\/07\/IMG_0069-1-1152x1536.jpg 1152w, https:\/\/cafeycerezas.com\/wp-content\/uploads\/2021\/07\/IMG_0069-1-1536x2048.jpg 1536w, https:\/\/cafeycerezas.com\/wp-content\/uploads\/2021\/07\/IMG_0069-1-45x60.jpg 45w, https:\/\/cafeycerezas.com\/wp-content\/uploads\/2021\/07\/IMG_0069-1-scaled.jpg 1920w\" sizes=\"(max-width: 768px) 100vw, 768px\" \/><\/p>\n<p>&nbsp;<\/p>\n<p class=\"p1\"><span class=\"s1\">Tomo un taxi, para llegar al centro de la ciudad, pero no un taxi convencional, es un taxi compartido entre varias personas: uno paga por un puesto dentro de uno de estos maravillosos carros de los a\u00f1os de antes de la revoluci\u00f3n y que llaman <i>Almendr\u00f3n<\/i>. Los <i>Almendrones <\/i> desaf\u00edan la l\u00f3gica, primero porque aun funcionan y <span class=\"Apple-converted-space\">\u00a0 <\/span>porque no van 4 pasajeros sino 8 o 10 . Todos hablan, se r\u00eden, cantan y all\u00ed te enteras de chismes, noticias y por supuesto te averiguan la vida.<\/span><\/p>\n<p><img loading=\"lazy\" class=\"aligncenter size-large wp-image-224\" src=\"https:\/\/cafeycerezas.com\/wp-content\/uploads\/2021\/07\/IMG_9897-850x1024.jpg\" alt=\"Almendr\u00f3n La Habana\" width=\"840\" height=\"1012\" srcset=\"https:\/\/cafeycerezas.com\/wp-content\/uploads\/2021\/07\/IMG_9897-850x1024.jpg 850w, https:\/\/cafeycerezas.com\/wp-content\/uploads\/2021\/07\/IMG_9897-249x300.jpg 249w, https:\/\/cafeycerezas.com\/wp-content\/uploads\/2021\/07\/IMG_9897-768x925.jpg 768w, https:\/\/cafeycerezas.com\/wp-content\/uploads\/2021\/07\/IMG_9897-1275x1536.jpg 1275w, https:\/\/cafeycerezas.com\/wp-content\/uploads\/2021\/07\/IMG_9897-1700x2048.jpg 1700w, https:\/\/cafeycerezas.com\/wp-content\/uploads\/2021\/07\/IMG_9897-50x60.jpg 50w\" sizes=\"(max-width: 840px) 100vw, 840px\" \/><\/p>\n<p class=\"p1\"><span class=\"s1\">Me gusta empezar a recorrer las ciudades usando una cafeteria como punto de partida. Desde all\u00ed organizo mis recorridos, trazo en el mapa lo que voy a hacer, pero tambi\u00e9n es una forma de conectar con la energ\u00eda de la ciudad<\/span><\/p>\n<p class=\"p1\"><span class=\"s1\">As\u00ed<span class=\"Apple-converted-space\">\u00a0 <\/span>Llego al Hotel El Tel\u00e9grafo. Me siento en<span class=\"Apple-converted-space\">\u00a0 <\/span>un gran pasillo con vista a la calle, el lugar tiene paredes blancas impecables y<span class=\"Apple-converted-space\">\u00a0 <\/span>azul celeste: de ese todo de azul festivo de absoluta elegancia tropical .<\/span><\/p>\n<p class=\"p1\"><span class=\"s1\">Pido un cafe a la cubana, llega a mi mesa una taza peque\u00f1a y en ella un caf\u00e9 negro, sin adorno alguno. Los cubanos toman el cafe simple . Taza peque\u00f1a, corto, oscuro y mitad caf\u00e9,<span class=\"Apple-converted-space\">\u00a0 <\/span>mitad az\u00facar.\u00a0<\/span><\/p>\n<p class=\"p1\"><span class=\"s1\">El caf\u00e9 es arom\u00e1tico y profundo, almidonado, brillante y aunque no uso az\u00facar en el cafe, estando aqu\u00ed se justifica. Az\u00facar prieta o morena, muy dulce y con ese divino sabor a ca\u00f1a.<span class=\"Apple-converted-space\">\u00a0 <\/span>La mezcla c\u00edtrica y dulce es muy agradable. Un caf\u00e9 que persiste en la boca con un balance perfecto.<\/span><\/p>\n<p><img loading=\"lazy\" class=\"aligncenter size-large wp-image-223\" src=\"https:\/\/cafeycerezas.com\/wp-content\/uploads\/2021\/07\/IMG_9880-886x1024.jpg\" alt=\"\" width=\"840\" height=\"971\" srcset=\"https:\/\/cafeycerezas.com\/wp-content\/uploads\/2021\/07\/IMG_9880-886x1024.jpg 886w, https:\/\/cafeycerezas.com\/wp-content\/uploads\/2021\/07\/IMG_9880-260x300.jpg 260w, https:\/\/cafeycerezas.com\/wp-content\/uploads\/2021\/07\/IMG_9880-768x888.jpg 768w, https:\/\/cafeycerezas.com\/wp-content\/uploads\/2021\/07\/IMG_9880-1329x1536.jpg 1329w, https:\/\/cafeycerezas.com\/wp-content\/uploads\/2021\/07\/IMG_9880-1772x2048.jpg 1772w, https:\/\/cafeycerezas.com\/wp-content\/uploads\/2021\/07\/IMG_9880-52x60.jpg 52w\" sizes=\"(max-width: 840px) 100vw, 840px\" \/><\/p>\n<p><img loading=\"lazy\" class=\"aligncenter size-large wp-image-222\" src=\"https:\/\/cafeycerezas.com\/wp-content\/uploads\/2021\/07\/IMG_9878-1024x631.jpg\" alt=\"\" width=\"840\" height=\"518\" srcset=\"https:\/\/cafeycerezas.com\/wp-content\/uploads\/2021\/07\/IMG_9878-1024x631.jpg 1024w, https:\/\/cafeycerezas.com\/wp-content\/uploads\/2021\/07\/IMG_9878-300x185.jpg 300w, https:\/\/cafeycerezas.com\/wp-content\/uploads\/2021\/07\/IMG_9878-768x473.jpg 768w, https:\/\/cafeycerezas.com\/wp-content\/uploads\/2021\/07\/IMG_9878-1536x946.jpg 1536w, https:\/\/cafeycerezas.com\/wp-content\/uploads\/2021\/07\/IMG_9878-2048x1261.jpg 2048w, https:\/\/cafeycerezas.com\/wp-content\/uploads\/2021\/07\/IMG_9878-97x60.jpg 97w\" sizes=\"(max-width: 840px) 100vw, 840px\" \/><\/p>\n<p><img loading=\"lazy\" class=\"aligncenter size-large wp-image-221\" src=\"https:\/\/cafeycerezas.com\/wp-content\/uploads\/2021\/07\/IMG_9875-911x1024.jpg\" alt=\"\" width=\"840\" height=\"944\" srcset=\"https:\/\/cafeycerezas.com\/wp-content\/uploads\/2021\/07\/IMG_9875-911x1024.jpg 911w, https:\/\/cafeycerezas.com\/wp-content\/uploads\/2021\/07\/IMG_9875-267x300.jpg 267w, https:\/\/cafeycerezas.com\/wp-content\/uploads\/2021\/07\/IMG_9875-768x863.jpg 768w, https:\/\/cafeycerezas.com\/wp-content\/uploads\/2021\/07\/IMG_9875-1367x1536.jpg 1367w, https:\/\/cafeycerezas.com\/wp-content\/uploads\/2021\/07\/IMG_9875-1823x2048.jpg 1823w, https:\/\/cafeycerezas.com\/wp-content\/uploads\/2021\/07\/IMG_9875-53x60.jpg 53w\" sizes=\"(max-width: 840px) 100vw, 840px\" \/><\/p>\n<p class=\"p1\"><span class=\"s1\">El caf\u00e9 para los cubanos es una instituci\u00f3n, privados de muchos placeres mundanos,<span class=\"Apple-converted-space\">\u00a0 <\/span>un cafecito es el lujo diario que se dan todos<span class=\"Apple-converted-space\">\u00a0 <\/span>los cubanos. Usualmente hecho en Greca italiana.<span class=\"Apple-converted-space\">\u00a0 <\/span>Una amiga cubana me cuenta que las cafeteras italianas son muy apreciadas<span class=\"Apple-converted-space\">\u00a0 <\/span>en las casas y son un \u00fanico elemento de la cocina que jamas se guarda: siempre est\u00e1n a mano para usar.<span class=\"Apple-converted-space\">\u00a0 <\/span>El caf\u00e9 se comparte, en familia,<span class=\"Apple-converted-space\">\u00a0 <\/span>en la mesa de los amigos; en torno a la bebida se discute de pol\u00edtica, de chismes, se r\u00ede y se declaran los amores. <\/span><\/p>\n<p class=\"p1\"><span class=\"s1\">Tomo mi caf\u00e9. La terraza del local da a la calle: all\u00ed se mezclan los gritos, el reggaeton, la salsa, gente hablando en italiano o franc\u00e9s. La Habana es m\u00e1s cosmopolita de lo que uno imagina.\u00a0<\/span><\/p>\n<p class=\"p1\"><span class=\"s1\"> Observo<span class=\"Apple-converted-space\">\u00a0 <\/span>frente de mi un hombre norteamericano, camisa color caqui, sombrero Panam\u00e1, pantalon ligero.<span class=\"Apple-converted-space\">\u00a0 <\/span>Toma cafe, tiene un ron servido<span class=\"Apple-converted-space\">\u00a0 <\/span>y fuma un tabaco? Puede existir una combinaci\u00f3n mas perfecta? , una descrpici\u00f3n en sabores de lo que es Cuba.<span class=\"Apple-converted-space\">\u00a0 <\/span>En estos momentos me gustaria saber fumar solo por probar esa armonia de sabores y olores: cafe, ron y habano. <\/span><\/p>\n<p class=\"p1\"><span class=\"s1\">Me quedo all\u00ed un rato largo disfrutando del perfume del habano. La luz brilla, la ciudad parece sobreviviente de demasiadas guerras. La Habana es la efervescencia y tiene<span class=\"Apple-converted-space\">\u00a0 <\/span>la fuerza de un trago de caf\u00e9 rotundo.<\/span><\/p>\n<p><img loading=\"lazy\" class=\"aligncenter size-large wp-image-232\" src=\"https:\/\/cafeycerezas.com\/wp-content\/uploads\/2021\/07\/IMG_9836-797x1024.jpg\" alt=\"\" width=\"797\" height=\"1024\" srcset=\"https:\/\/cafeycerezas.com\/wp-content\/uploads\/2021\/07\/IMG_9836-797x1024.jpg 797w, https:\/\/cafeycerezas.com\/wp-content\/uploads\/2021\/07\/IMG_9836-233x300.jpg 233w, https:\/\/cafeycerezas.com\/wp-content\/uploads\/2021\/07\/IMG_9836-768x987.jpg 768w, https:\/\/cafeycerezas.com\/wp-content\/uploads\/2021\/07\/IMG_9836-1195x1536.jpg 1195w, https:\/\/cafeycerezas.com\/wp-content\/uploads\/2021\/07\/IMG_9836-1593x2048.jpg 1593w, https:\/\/cafeycerezas.com\/wp-content\/uploads\/2021\/07\/IMG_9836-47x60.jpg 47w, https:\/\/cafeycerezas.com\/wp-content\/uploads\/2021\/07\/IMG_9836-scaled.jpg 1991w\" sizes=\"(max-width: 797px) 100vw, 797px\" \/> \u00a0<img loading=\"lazy\" class=\"aligncenter size-large wp-image-231\" src=\"https:\/\/cafeycerezas.com\/wp-content\/uploads\/2021\/07\/IMG_9855-1-1024x768.jpg\" alt=\"\" width=\"840\" height=\"630\" srcset=\"https:\/\/cafeycerezas.com\/wp-content\/uploads\/2021\/07\/IMG_9855-1-1024x768.jpg 1024w, https:\/\/cafeycerezas.com\/wp-content\/uploads\/2021\/07\/IMG_9855-1-300x225.jpg 300w, https:\/\/cafeycerezas.com\/wp-content\/uploads\/2021\/07\/IMG_9855-1-768x576.jpg 768w, https:\/\/cafeycerezas.com\/wp-content\/uploads\/2021\/07\/IMG_9855-1-1536x1152.jpg 1536w, https:\/\/cafeycerezas.com\/wp-content\/uploads\/2021\/07\/IMG_9855-1-2048x1536.jpg 2048w, https:\/\/cafeycerezas.com\/wp-content\/uploads\/2021\/07\/IMG_9855-1-80x60.jpg 80w\" sizes=\"(max-width: 840px) 100vw, 840px\" \/><\/p>\n<p class=\"p1\"><span class=\"s1\">Comienzo a caminar por la calle Obispo. Decido hacer el recorrido que hacia cada noche el escritor Ernest Hemingway<span class=\"Apple-converted-space\">\u00a0 <\/span><\/span><span class=\"s2\">. <\/span><\/p>\n<p class=\"p4\"><span class=\"s3\">Comienzo en el Floridita , donde pido un daiquir\u00ed cl\u00e1sico. En la barra del lugar, hay una escultura de bronce en homenaje a<\/span><span class=\"s1\">l escritor <span class=\"Apple-converted-space\">\u00a0 <\/span>y pienso en su bella frase \u00ab<i>Ning\u00fan hombre est\u00e1 fabricado para la derrota. Puede ser destruido pero no derrotado\u00bb.<\/i><span class=\"Apple-converted-space\">\u00a0 <\/span>tomo un trago largo y dulce: <i>\u00abentrechocamos las copas y las dejamos una al lado de la otra sobre la barra. Al otro lado de las ventanas protegidas por cortinas estaba el ardiente verano\u00bb..<\/i>. de La Habana.<\/span><\/p>\n<p class=\"p1\"><span class=\"s4\">Salgo a la calle peatonal: <span class=\"Apple-converted-space\">\u00a0 <\/span><\/span><span class=\"s1\">es un entramado extra\u00f1\u00edsimo,<span class=\"Apple-converted-space\">\u00a0 <\/span>gente caminando, tiendas que fueron bellas y elegantes y en cuyas vitrinas ya<span class=\"Apple-converted-space\">\u00a0 <\/span>no hay nada, gente que va en bicicleta, turistas, ropa colgando de las ventanas, paredes carcomidas por el salitre y el tiempo, un lugar fascinante donde el reggaeton: se mezcla con los m\u00fasicos callejeros que tocan sones, bares abiertos a la calle donde tomar rones y mojitos helados. <\/span><\/p>\n<p class=\"p4\"><span class=\"s1\">Camino por la calle, me pierdo entre la gente, las tiendas, los bares, las librer\u00edas, almuerzo algo al paso: <i>Una cajita cubana<\/i> con un pan con bistek.<\/span><\/p>\n<p class=\"p1\"><span class=\"s1\">Lleg\u00f3 al Hotel Ambos Mundos,<span class=\"Apple-converted-space\">\u00a0 <\/span>donde Hemingway ten\u00eda su habitaci\u00f3n. Disfruto visitando lo que fue su residencia en la isla. Luego en el lobby del hotel pido un mojito, frio, con lim\u00f3n y delicado sabor del ron. <\/span><\/p>\n<p class=\"p1\"><span class=\"s1\">Un pianista toca sentado tras un incre\u00edble piano de cola. el pianista viste de smoking y su piel es color negra y brillante. Pienso<span class=\"Apple-converted-space\">\u00a0 <\/span>en <b> <\/b>Bola de Nieve al piano<span class=\"Apple-converted-space\">\u00a0 <\/span>y<b> <\/b>en la Cuba de de los a\u00f1os 50 y me imagino una noche Habanera: Mujeres bellas de u\u00f1as esmaltadas y boca rojo encendido, siluetas redondas y opulentas, tacones de aguja alt\u00edsimos. Hombres de sombreros y guayaberas blancas almidonadas, relojes de oro.<span class=\"Apple-converted-space\">\u00a0 <\/span>Tragos, m\u00fasica y glamuor entre palmeras,<span class=\"Apple-converted-space\">\u00a0 <\/span>floreros llenos de trinitarias y cayenas,<span class=\"Apple-converted-space\">\u00a0 <\/span>mesas llenas de pi\u00f1as dulces, sand\u00edas y guayabas:<span class=\"Apple-converted-space\">\u00a0 <\/span>tropicalia del caribe c\u00f3smico.<span class=\"Apple-converted-space\">\u00a0 <\/span>Imagino a<span class=\"Apple-converted-space\">\u00a0 <\/span>Hemingway entre todos tomando y hablando:<span class=\"Apple-converted-space\">\u00a0 <\/span><i>\u00abTodo en \u00e9l era viejo, salvo sus ojos y estos ten\u00edan el color mismo del mar y eran alegres e invictos\u00bb<br \/>\n<\/i><\/span><\/p>\n<p class=\"p6\"><span class=\"s1\">La Habana era una fiesta, pienso, salgo a la calle y suena un furioso reggaeton:<span class=\"Apple-converted-space\">\u00a0 <\/span>\u00ab<i>Yo la conoc\u00ed, en un taxi en camino al sur &#8230; me lo paro el taxi, me lo paro\u00bb <\/i>. La Habana era una fiesta&#8230;pues no La habana es un fiesta.<\/span><\/p>\n<p><img loading=\"lazy\" class=\"aligncenter size-large wp-image-225\" src=\"https:\/\/cafeycerezas.com\/wp-content\/uploads\/2021\/07\/IMG_9971-768x1024.jpg\" alt=\"Havana Club\" width=\"768\" height=\"1024\" srcset=\"https:\/\/cafeycerezas.com\/wp-content\/uploads\/2021\/07\/IMG_9971-768x1024.jpg 768w, https:\/\/cafeycerezas.com\/wp-content\/uploads\/2021\/07\/IMG_9971-225x300.jpg 225w, https:\/\/cafeycerezas.com\/wp-content\/uploads\/2021\/07\/IMG_9971-1152x1536.jpg 1152w, https:\/\/cafeycerezas.com\/wp-content\/uploads\/2021\/07\/IMG_9971-1536x2048.jpg 1536w, https:\/\/cafeycerezas.com\/wp-content\/uploads\/2021\/07\/IMG_9971-45x60.jpg 45w, https:\/\/cafeycerezas.com\/wp-content\/uploads\/2021\/07\/IMG_9971-scaled.jpg 1920w\" sizes=\"(max-width: 768px) 100vw, 768px\" \/><\/p>\n<p><img loading=\"lazy\" class=\"aligncenter size-large wp-image-226\" src=\"https:\/\/cafeycerezas.com\/wp-content\/uploads\/2021\/07\/IMG_9996-1-768x1024.jpg\" alt=\"\" width=\"768\" height=\"1024\" srcset=\"https:\/\/cafeycerezas.com\/wp-content\/uploads\/2021\/07\/IMG_9996-1-768x1024.jpg 768w, https:\/\/cafeycerezas.com\/wp-content\/uploads\/2021\/07\/IMG_9996-1-225x300.jpg 225w, https:\/\/cafeycerezas.com\/wp-content\/uploads\/2021\/07\/IMG_9996-1-1152x1536.jpg 1152w, https:\/\/cafeycerezas.com\/wp-content\/uploads\/2021\/07\/IMG_9996-1-1536x2048.jpg 1536w, https:\/\/cafeycerezas.com\/wp-content\/uploads\/2021\/07\/IMG_9996-1-45x60.jpg 45w, https:\/\/cafeycerezas.com\/wp-content\/uploads\/2021\/07\/IMG_9996-1-scaled.jpg 1920w\" sizes=\"(max-width: 768px) 100vw, 768px\" \/><\/p>\n","protected":false},"excerpt":{"rendered":"<p>Cr\u00f3nica de una caf\u00e9 en La Habana:\u00a0 Salgo de mi hotel \u00abCasa Patria\u00bb,\u00a0 ubicado en el Vedado, se trata de una casa antigua, devenida en &hellip; <\/p>\n","protected":false},"author":1,"featured_media":224,"comment_status":"open","ping_status":"open","sticky":false,"template":"","format":"standard","meta":[],"categories":[3,54,18,8,9,1,6],"tags":[66,67,62,65,64,63,61,60],"yoast_head":"<!-- This site is optimized with the Yoast SEO plugin v14.1 - https:\/\/yoast.com\/wordpress\/plugins\/seo\/ -->\n<title>Habana caf\u00e9 - CAFE Y CEREZAS<\/title>\n<meta name=\"robots\" content=\"index, follow\" \/>\n<meta name=\"googlebot\" content=\"index, follow, max-snippet:-1, max-image-preview:large, max-video-preview:-1\" \/>\n<meta name=\"bingbot\" content=\"index, follow, max-snippet:-1, max-image-preview:large, max-video-preview:-1\" \/>\n<link rel=\"canonical\" href=\"https:\/\/cafeycerezas.com\/?p=217\" \/>\n<meta property=\"og:locale\" content=\"es_ES\" \/>\n<meta property=\"og:type\" content=\"article\" \/>\n<meta property=\"og:title\" content=\"Habana caf\u00e9 - CAFE Y CEREZAS\" \/>\n<meta property=\"og:description\" content=\"Cr\u00f3nica de una caf\u00e9 en La Habana:\u00a0 Salgo de mi hotel \u00abCasa Patria\u00bb,\u00a0 ubicado en el Vedado, se trata de una casa antigua, devenida en &hellip;\" \/>\n<meta property=\"og:url\" content=\"https:\/\/cafeycerezas.com\/?p=217\" \/>\n<meta property=\"og:site_name\" content=\"CAFE Y CEREZAS\" \/>\n<meta property=\"article:published_time\" content=\"2021-07-07T08:24:42+00:00\" \/>\n<meta property=\"article:modified_time\" content=\"2021-08-03T17:47:26+00:00\" \/>\n<meta property=\"og:image\" content=\"https:\/\/cafeycerezas.com\/wp-content\/uploads\/2021\/07\/IMG_9897-scaled.jpg\" \/>\n\t<meta property=\"og:image:width\" content=\"2125\" \/>\n\t<meta property=\"og:image:height\" content=\"2560\" \/>\n<meta name=\"twitter:card\" content=\"summary_large_image\" \/>\n<script type=\"application\/ld+json\" class=\"yoast-schema-graph\">{\"@context\":\"https:\/\/schema.org\",\"@graph\":[{\"@type\":\"WebSite\",\"@id\":\"https:\/\/cafeycerezas.com\/#website\",\"url\":\"https:\/\/cafeycerezas.com\/\",\"name\":\"CAFE Y CEREZAS\",\"description\":\"\",\"potentialAction\":[{\"@type\":\"SearchAction\",\"target\":\"https:\/\/cafeycerezas.com\/?s={search_term_string}\",\"query-input\":\"required name=search_term_string\"}],\"inLanguage\":\"es\"},{\"@type\":\"ImageObject\",\"@id\":\"https:\/\/cafeycerezas.com\/?p=217#primaryimage\",\"inLanguage\":\"es\",\"url\":\"https:\/\/cafeycerezas.com\/wp-content\/uploads\/2021\/07\/IMG_9897-scaled.jpg\",\"width\":2125,\"height\":2560,\"caption\":\"Almendr\\u00f3n La Habana\"},{\"@type\":\"WebPage\",\"@id\":\"https:\/\/cafeycerezas.com\/?p=217#webpage\",\"url\":\"https:\/\/cafeycerezas.com\/?p=217\",\"name\":\"Habana caf\\u00e9 - CAFE Y CEREZAS\",\"isPartOf\":{\"@id\":\"https:\/\/cafeycerezas.com\/#website\"},\"primaryImageOfPage\":{\"@id\":\"https:\/\/cafeycerezas.com\/?p=217#primaryimage\"},\"datePublished\":\"2021-07-07T08:24:42+00:00\",\"dateModified\":\"2021-08-03T17:47:26+00:00\",\"author\":{\"@id\":\"https:\/\/cafeycerezas.com\/#\/schema\/person\/d97fd9685d16c7468e1bc09ed116cf0d\"},\"inLanguage\":\"es\",\"potentialAction\":[{\"@type\":\"ReadAction\",\"target\":[\"https:\/\/cafeycerezas.com\/?p=217\"]}]},{\"@type\":[\"Person\"],\"@id\":\"https:\/\/cafeycerezas.com\/#\/schema\/person\/d97fd9685d16c7468e1bc09ed116cf0d\",\"name\":\"Alejandra\",\"image\":{\"@type\":\"ImageObject\",\"@id\":\"https:\/\/cafeycerezas.com\/#personlogo\",\"inLanguage\":\"es\",\"url\":\"https:\/\/secure.gravatar.com\/avatar\/04e9cbc08f56477e03566ab5fe1640f1?s=96&d=blank&r=g\",\"caption\":\"Alejandra\"}}]}<\/script>\n<!-- \/ Yoast SEO plugin. -->","_links":{"self":[{"href":"https:\/\/cafeycerezas.com\/index.php?rest_route=\/wp\/v2\/posts\/217"}],"collection":[{"href":"https:\/\/cafeycerezas.com\/index.php?rest_route=\/wp\/v2\/posts"}],"about":[{"href":"https:\/\/cafeycerezas.com\/index.php?rest_route=\/wp\/v2\/types\/post"}],"author":[{"embeddable":true,"href":"https:\/\/cafeycerezas.com\/index.php?rest_route=\/wp\/v2\/users\/1"}],"replies":[{"embeddable":true,"href":"https:\/\/cafeycerezas.com\/index.php?rest_route=%2Fwp%2Fv2%2Fcomments&post=217"}],"version-history":[{"count":2,"href":"https:\/\/cafeycerezas.com\/index.php?rest_route=\/wp\/v2\/posts\/217\/revisions"}],"predecessor-version":[{"id":234,"href":"https:\/\/cafeycerezas.com\/index.php?rest_route=\/wp\/v2\/posts\/217\/revisions\/234"}],"wp:featuredmedia":[{"embeddable":true,"href":"https:\/\/cafeycerezas.com\/index.php?rest_route=\/wp\/v2\/media\/224"}],"wp:attachment":[{"href":"https:\/\/cafeycerezas.com\/index.php?rest_route=%2Fwp%2Fv2%2Fmedia&parent=217"}],"wp:term":[{"taxonomy":"category","embeddable":true,"href":"https:\/\/cafeycerezas.com\/index.php?rest_route=%2Fwp%2Fv2%2Fcategories&post=217"},{"taxonomy":"post_tag","embeddable":true,"href":"https:\/\/cafeycerezas.com\/index.php?rest_route=%2Fwp%2Fv2%2Ftags&post=217"}],"curies":[{"name":"wp","href":"https:\/\/api.w.org\/{rel}","templated":true}]}}