{"id":186,"date":"2021-07-01T15:55:05","date_gmt":"2021-07-01T15:55:05","guid":{"rendered":"https:\/\/cafeycerezas.com\/?p=186"},"modified":"2021-07-01T16:00:25","modified_gmt":"2021-07-01T16:00:25","slug":"la-chica-de-la-cafeteria","status":"publish","type":"post","link":"https:\/\/cafeycerezas.com\/?p=186","title":{"rendered":"La chica de la cafeter\u00eda"},"content":{"rendered":"<p class=\"p1\"><span class=\"s1\">La chica de la cafeter\u00eda es un personaje recurrente en las pantallas de cine. Quiz\u00e1s la m\u00e1s famosa de todas camareras sea<span class=\"Apple-converted-space\">\u00a0 <\/span>Am\u00e9lie Poulain, ella trabaja en el caf\u00e9 \u201cLos 2 Molinos\u201d en Paris.<span class=\"Apple-converted-space\">\u00a0 <\/span>La \u00faltima chica de la cafeter\u00eda es Mia de \u00abLa La Land\u00bb, quien trabaja en el<span class=\"Apple-converted-space\">\u00a0 <\/span>Caf\u00e9 Sur Le Lot en Los Angeles. <span class=\"Apple-converted-space\">\u00a0 <\/span>Pero de todos las camareras del cine, quiz\u00e1s la m\u00e1s amada y la que est\u00e1 en mi coraz\u00f3n es: Celia del film \u00abLa Rosa P\u00farpura del Cairo\u00bb . Ella trabaja en un triste caf\u00e9 de New Jersey y como v\u00eda de escape a su miserable vida se refugia en una sala de cine. All\u00ed se enamora del protagonista de un film, Tom Baxter, un arque\u00f3logo aventurero.<\/span><\/p>\n<p><img loading=\"lazy\" class=\"aligncenter size-large wp-image-187\" src=\"https:\/\/cafeycerezas.com\/wp-content\/uploads\/2021\/07\/Amelie-Cafe-Paris-1024x434.jpg\" alt=\"\" width=\"840\" height=\"356\" srcset=\"https:\/\/cafeycerezas.com\/wp-content\/uploads\/2021\/07\/Amelie-Cafe-Paris-1024x434.jpg 1024w, https:\/\/cafeycerezas.com\/wp-content\/uploads\/2021\/07\/Amelie-Cafe-Paris-300x127.jpg 300w, https:\/\/cafeycerezas.com\/wp-content\/uploads\/2021\/07\/Amelie-Cafe-Paris-768x326.jpg 768w, https:\/\/cafeycerezas.com\/wp-content\/uploads\/2021\/07\/Amelie-Cafe-Paris-1536x651.jpg 1536w, https:\/\/cafeycerezas.com\/wp-content\/uploads\/2021\/07\/Amelie-Cafe-Paris-142x60.jpg 142w, https:\/\/cafeycerezas.com\/wp-content\/uploads\/2021\/07\/Amelie-Cafe-Paris.jpg 1920w\" sizes=\"(max-width: 840px) 100vw, 840px\" \/><\/p>\n<p><img loading=\"lazy\" class=\"aligncenter size-large wp-image-189\" src=\"https:\/\/cafeycerezas.com\/wp-content\/uploads\/2021\/07\/mia-1024x568.jpeg\" alt=\"\" width=\"840\" height=\"466\" srcset=\"https:\/\/cafeycerezas.com\/wp-content\/uploads\/2021\/07\/mia-1024x568.jpeg 1024w, https:\/\/cafeycerezas.com\/wp-content\/uploads\/2021\/07\/mia-300x166.jpeg 300w, https:\/\/cafeycerezas.com\/wp-content\/uploads\/2021\/07\/mia-768x426.jpeg 768w, https:\/\/cafeycerezas.com\/wp-content\/uploads\/2021\/07\/mia-108x60.jpeg 108w, https:\/\/cafeycerezas.com\/wp-content\/uploads\/2021\/07\/mia-900x500.jpeg 900w, https:\/\/cafeycerezas.com\/wp-content\/uploads\/2021\/07\/mia.jpeg 1374w\" sizes=\"(max-width: 840px) 100vw, 840px\" \/><\/p>\n<p class=\"p1\"><span class=\"s1\" style=\"color: #ff00b3;\">La chica de la cafeter\u00eda,<span class=\"Apple-converted-space\">\u00a0 <\/span>es un personaje muy \u00fatil en el cine, representa al una chica com\u00fan y silvestre, una chica trabajadora, totalmente an\u00f3nima y con una vida totalmente irrelevante<span class=\"Apple-converted-space\">\u00a0 <\/span>a la que le suceder\u00e1 algo extraordinario que la saca de su rutina y cotidianidad.<\/span><\/p>\n<p class=\"p1\"><span class=\"s1\">Ellas, que solo sirven caf\u00e9 y tienen un trabajo infravalorado, vive en un trabajo<span class=\"Apple-converted-space\">\u00a0 <\/span>rutinario y sus vidas transcurren en departamentos solitarios donde conviven con gatos peludos, que son sus mejores amigos.<span class=\"Apple-converted-space\">\u00a0 <\/span>Pero tambi\u00e9n tienen grandes sue\u00f1os e incre\u00edbles o pueden tener vidas interesantes en sus ratos libres. Estos sue\u00f1os son invisibles a los dos de los clientes y de sus jefes pero &#8211; nosotros como espectadores s\u00ed los conocemos<span class=\"Apple-converted-space\">\u00a0 <\/span>y de all\u00ed<i> nuestra complicidad<\/i>. <\/span><\/p>\n<p class=\"p1\"><span class=\"s1\">Al mismo tiempo, su vida puede entrar en una maleta y no tienen mucho que perder, pueden colgar el delantal y sin mas salir a vivir. Nadie las vas a extra\u00f1ar, son simplemente chicas irrelevantes. Tienen todo por ganar y muy poco que perder.<\/span><\/p>\n<p class=\"p1\"><span class=\"s1\">Tambi\u00e9n puede que un<span class=\"Apple-converted-space\">\u00a0 <\/span>d\u00eda le sirvan un caf\u00e9 a su pr\u00edncipe azul o que por la puerta llegue un empresario millonario que se cruce con su sonrisa y se enamore de ella o volverse las musas de un escritor famoso.<\/span><\/p>\n<p class=\"p3\"><span class=\"s1\">Por ejemplo e<\/span><span class=\"s2\">n \u2018Mejor Imposible\u201d, <\/span><span class=\"s1\"> Melvin Udall, un escritor de novelas que sufre de trastorno obsesivo compulsivo se enamora de la mesera: Carol Connell. Ella<span class=\"Apple-converted-space\">\u00a0 <\/span>trabaja en la cafeter\u00eda a la que \u00e9l frecuenta, entre ambos surgir\u00e1 el amor y sus vidas cambiaran para siempre.<\/span><\/p>\n<p><img loading=\"lazy\" class=\"aligncenter size-full wp-image-188\" src=\"https:\/\/cafeycerezas.com\/wp-content\/uploads\/2021\/07\/01-nonagon-style-n9s-lalaland-inspiration-home-interiors-black-and-white-portraits.jpg\" alt=\"\" width=\"960\" height=\"638\" srcset=\"https:\/\/cafeycerezas.com\/wp-content\/uploads\/2021\/07\/01-nonagon-style-n9s-lalaland-inspiration-home-interiors-black-and-white-portraits.jpg 960w, https:\/\/cafeycerezas.com\/wp-content\/uploads\/2021\/07\/01-nonagon-style-n9s-lalaland-inspiration-home-interiors-black-and-white-portraits-300x199.jpg 300w, https:\/\/cafeycerezas.com\/wp-content\/uploads\/2021\/07\/01-nonagon-style-n9s-lalaland-inspiration-home-interiors-black-and-white-portraits-768x510.jpg 768w, https:\/\/cafeycerezas.com\/wp-content\/uploads\/2021\/07\/01-nonagon-style-n9s-lalaland-inspiration-home-interiors-black-and-white-portraits-90x60.jpg 90w, https:\/\/cafeycerezas.com\/wp-content\/uploads\/2021\/07\/01-nonagon-style-n9s-lalaland-inspiration-home-interiors-black-and-white-portraits-420x280.jpg 420w\" sizes=\"(max-width: 960px) 100vw, 960px\" \/><\/p>\n<p class=\"p1\"><span class=\"s1\">Los personajes, que en cine que son \u201c<i>como cualquier persona\u201d<\/i>, funcionan de forma muy \u00fatil a los guionista puesto que desde esta simplicidad o cotidianidad del personaje se puede moldear o desarrollar con el espectador el mecanismo de \u201cidentificaci\u00f3n-proyecci\u00f3n\u201d -tan buscado por los cineastas- para generar empat\u00eda e identificaci\u00f3n con el personaje cinematogr\u00e1fico. De esta forma nos sentimos tal como el protagonista: sufrimos y so\u00f1amos con \u00e9l, y es mucho m\u00e1s natural para los espectadores conectar con cotidianos.<\/span><\/p>\n<p class=\"p1\"><span class=\"s1\">A las \u201cchicas de caf\u00e9\u201d de las pel\u00edculas les pasan cosas extraordinarias y un buen d\u00eda dejan atr\u00e1s la cafeter\u00eda para conquistar sus vidas. Con est\u00e1 misma ilusi\u00f3n, miles de chicas en cientos de ciudades, se visten con su delantal negro cada d\u00eda y preparan caf\u00e9s con una sonrisa. <\/span><\/p>\n","protected":false},"excerpt":{"rendered":"<p>La chica de la cafeter\u00eda es un personaje recurrente en las pantallas de cine. Quiz\u00e1s la m\u00e1s famosa de todas camareras sea\u00a0 Am\u00e9lie Poulain, ella &hellip; <\/p>\n","protected":false},"author":1,"featured_media":190,"comment_status":"open","ping_status":"open","sticky":false,"template":"","format":"standard","meta":[],"categories":[3,18,5,4,8],"tags":[],"yoast_head":"<!-- This site is optimized with the Yoast SEO plugin v14.1 - https:\/\/yoast.com\/wordpress\/plugins\/seo\/ -->\n<title>La chica de la cafeter\u00eda - CAFE Y CEREZAS<\/title>\n<meta name=\"robots\" content=\"index, follow\" \/>\n<meta name=\"googlebot\" content=\"index, follow, max-snippet:-1, max-image-preview:large, max-video-preview:-1\" \/>\n<meta name=\"bingbot\" content=\"index, follow, max-snippet:-1, max-image-preview:large, max-video-preview:-1\" \/>\n<link rel=\"canonical\" href=\"https:\/\/cafeycerezas.com\/?p=186\" \/>\n<meta property=\"og:locale\" content=\"es_ES\" \/>\n<meta property=\"og:type\" content=\"article\" \/>\n<meta property=\"og:title\" content=\"La chica de la cafeter\u00eda - CAFE Y CEREZAS\" \/>\n<meta property=\"og:description\" content=\"La chica de la cafeter\u00eda es un personaje recurrente en las pantallas de cine. Quiz\u00e1s la m\u00e1s famosa de todas camareras sea\u00a0 Am\u00e9lie Poulain, ella &hellip;\" \/>\n<meta property=\"og:url\" content=\"https:\/\/cafeycerezas.com\/?p=186\" \/>\n<meta property=\"og:site_name\" content=\"CAFE Y CEREZAS\" \/>\n<meta property=\"article:published_time\" content=\"2021-07-01T15:55:05+00:00\" \/>\n<meta property=\"article:modified_time\" content=\"2021-07-01T16:00:25+00:00\" \/>\n<meta property=\"og:image\" content=\"https:\/\/cafeycerezas.com\/wp-content\/uploads\/2021\/07\/f12e2e341da9b46cc61c5ff2efe3522d.jpg\" \/>\n\t<meta property=\"og:image:width\" content=\"1013\" \/>\n\t<meta property=\"og:image:height\" content=\"430\" \/>\n<meta name=\"twitter:card\" content=\"summary_large_image\" \/>\n<script type=\"application\/ld+json\" class=\"yoast-schema-graph\">{\"@context\":\"https:\/\/schema.org\",\"@graph\":[{\"@type\":\"WebSite\",\"@id\":\"https:\/\/cafeycerezas.com\/#website\",\"url\":\"https:\/\/cafeycerezas.com\/\",\"name\":\"CAFE Y CEREZAS\",\"description\":\"\",\"potentialAction\":[{\"@type\":\"SearchAction\",\"target\":\"https:\/\/cafeycerezas.com\/?s={search_term_string}\",\"query-input\":\"required name=search_term_string\"}],\"inLanguage\":\"es\"},{\"@type\":\"ImageObject\",\"@id\":\"https:\/\/cafeycerezas.com\/?p=186#primaryimage\",\"inLanguage\":\"es\",\"url\":\"https:\/\/cafeycerezas.com\/wp-content\/uploads\/2021\/07\/f12e2e341da9b46cc61c5ff2efe3522d.jpg\",\"width\":1013,\"height\":430},{\"@type\":\"WebPage\",\"@id\":\"https:\/\/cafeycerezas.com\/?p=186#webpage\",\"url\":\"https:\/\/cafeycerezas.com\/?p=186\",\"name\":\"La chica de la cafeter\\u00eda - CAFE Y CEREZAS\",\"isPartOf\":{\"@id\":\"https:\/\/cafeycerezas.com\/#website\"},\"primaryImageOfPage\":{\"@id\":\"https:\/\/cafeycerezas.com\/?p=186#primaryimage\"},\"datePublished\":\"2021-07-01T15:55:05+00:00\",\"dateModified\":\"2021-07-01T16:00:25+00:00\",\"author\":{\"@id\":\"https:\/\/cafeycerezas.com\/#\/schema\/person\/d97fd9685d16c7468e1bc09ed116cf0d\"},\"inLanguage\":\"es\",\"potentialAction\":[{\"@type\":\"ReadAction\",\"target\":[\"https:\/\/cafeycerezas.com\/?p=186\"]}]},{\"@type\":[\"Person\"],\"@id\":\"https:\/\/cafeycerezas.com\/#\/schema\/person\/d97fd9685d16c7468e1bc09ed116cf0d\",\"name\":\"Alejandra\",\"image\":{\"@type\":\"ImageObject\",\"@id\":\"https:\/\/cafeycerezas.com\/#personlogo\",\"inLanguage\":\"es\",\"url\":\"https:\/\/secure.gravatar.com\/avatar\/04e9cbc08f56477e03566ab5fe1640f1?s=96&d=blank&r=g\",\"caption\":\"Alejandra\"}}]}<\/script>\n<!-- \/ Yoast SEO plugin. -->","_links":{"self":[{"href":"https:\/\/cafeycerezas.com\/index.php?rest_route=\/wp\/v2\/posts\/186"}],"collection":[{"href":"https:\/\/cafeycerezas.com\/index.php?rest_route=\/wp\/v2\/posts"}],"about":[{"href":"https:\/\/cafeycerezas.com\/index.php?rest_route=\/wp\/v2\/types\/post"}],"author":[{"embeddable":true,"href":"https:\/\/cafeycerezas.com\/index.php?rest_route=\/wp\/v2\/users\/1"}],"replies":[{"embeddable":true,"href":"https:\/\/cafeycerezas.com\/index.php?rest_route=%2Fwp%2Fv2%2Fcomments&post=186"}],"version-history":[{"count":1,"href":"https:\/\/cafeycerezas.com\/index.php?rest_route=\/wp\/v2\/posts\/186\/revisions"}],"predecessor-version":[{"id":191,"href":"https:\/\/cafeycerezas.com\/index.php?rest_route=\/wp\/v2\/posts\/186\/revisions\/191"}],"wp:featuredmedia":[{"embeddable":true,"href":"https:\/\/cafeycerezas.com\/index.php?rest_route=\/wp\/v2\/media\/190"}],"wp:attachment":[{"href":"https:\/\/cafeycerezas.com\/index.php?rest_route=%2Fwp%2Fv2%2Fmedia&parent=186"}],"wp:term":[{"taxonomy":"category","embeddable":true,"href":"https:\/\/cafeycerezas.com\/index.php?rest_route=%2Fwp%2Fv2%2Fcategories&post=186"},{"taxonomy":"post_tag","embeddable":true,"href":"https:\/\/cafeycerezas.com\/index.php?rest_route=%2Fwp%2Fv2%2Ftags&post=186"}],"curies":[{"name":"wp","href":"https:\/\/api.w.org\/{rel}","templated":true}]}}